{ 
"response" : 
    { 
    "header" :
        {
        "query" : "",
        "timestamp" : "2026\u002D04\u002D30\u002007\u003A04\u003A21",
        "num_hits" : 1,        "set_no" : 1     
        },
    "records" : 
        [
{
    "anumber" : "A\u002027833", 
    "id_work" : "27195", 
    "persons_repr" : "SACHSEN\u003A\u0020Friedrich,\u0020Prinz\u0020von\u0020S.\u002DAltenburg",
 
    "artists" : "Isselburg,\u0020Peter (Stecher)",
    "description" : "Brustb.\u0020nach\u0020hr.\u0020in\u0020Wams\u0020mit\u0020Halsberge,\u0020Spitzenkragen\u0020u.\u0020Feldbinde,\u0020hinter\u0020parallelschraffierter\u0020Br\u00FCstung\u0020vor\u0020konkav\u002Dkonzentrisch\u0020kreuzschraffiertem\u0020Hintergrund\u0020in\u0020ov.\u0020Schriftrahmen\u0020innerhalb\u0020Parallelschraffur\u002DRechteck.\u0020Lat.\u0020Ovalumschrift\u0020\u201EILLVSTRISS\u005Bimus\u005D\u0020PRINCEPS\u0020AC\u0020D\u005Bomi\u005DN\u005Bus\u005D\u0020FRIDERICVS\u0020DVX\u0020SAXONIAE\u0020\u0026amp\u003Bc\u0020LINEAE\u0020ALTENB\u005Burgicae\u005D\u0020ANN\u005Bo\u005D\u0020CHR\u005Bisti\u005D\u0020M.\u0020D.CXXIIII.\u201C\u0020\u2013\u0020Unter\u0020dem\u0020Bild\u00204\u0020lat.\u0020Verse\u0020\u0028\u003D\u0020Horaz,\u0020Carmina\u00202,3,1\u002D4\u0029\u003A\u0020AEquam\u0020memento\u0020rebus\u0020in\u0020arduis\u0020\/\u0020Servare\u0020mentem\u003B\u0020non\u0020secus\u0020in\u0020bonis\u0020\/\u0020Ab\u0020insolenti\u0020temperatam\u0020\/\u0020Laetici\u00E2\u0020\u005Bsic\u005D,\u0020MORITURE\u0020DELI\u0020\u005Bsic\u005D\u0020\u0028Ein\u0020Herz\u0020voll\u0020Gleichmut\u0020in\u0020schwierigen\u0020Lagen,\u0020wie\u0020auch\u0020frei\u0020von\u0020\u00FCberm\u00E4\u00DFiger\u0020Freude\u0020im\u0020Gl\u00FCck\u0020suche\u0020dir\u0020zu\u0020bewahren,\u0020Dellius,\u0020der\u0020du\u0020ja\u0020doch\u0020dereinst\u0020sterben\u0020mu\u00DFt\u0029.\u0020Darunter\u00202zeil.\u0020lat.\u0020Widmung\u0020des\u0020Stechers\u0020\u201ESerenissimis\u0020Principibus\u0020et\u0020Ducibus\u0020Saxoniae\u0020\u0026amp\u003Bc.\u0020Lineae\u0020Altenburg\u005Bicae\u005D\u0020\u007C\u0020sculpens\u0020humillim\u00E8\u0020consecrat\u0020Petrus\u0020Isselburg.\u201C",
    "technique" : "Kupferstich",
    "date" : "1624",
 
    "thumb" : "https://image.hab.de/iiif/images/varia/portrait/a-27833/2005_standard_original/a-27833.jp2/full/150,/0/default.jpg", 
    "url_artwork" : "https://portraits.hab.de\/werk\/27195" 
}     
        ]
    }
}
